{"id":1146,"date":"2020-08-05T13:36:24","date_gmt":"2020-08-05T11:36:24","guid":{"rendered":"https:\/\/triptotripvalencia.com\/?p=1146"},"modified":"2020-11-14T13:53:02","modified_gmt":"2020-11-14T12:53:02","slug":"la-valencia-musulmana","status":"publish","type":"post","link":"https:\/\/triptotripvalencia.com\/es\/la-valencia-musulmana\/","title":{"rendered":"La Valencia Musulmana"},"content":{"rendered":"\n<p>Sabemos que los musulmanes entran en la Pen\u00ednsula Ib\u00e9rica en el 711 bajo las \u00f3rdenes de Tariq y Musa aprovechando las luchas internas de los visigodos, pero \u00bfCu\u00e1ndo llegan a tierras valencianas?<\/p>\n\n\n\n<p>Va a ser Abd al-Aziz ibn Musa (hijo de Musa) el que domine los territorios del sureste mediante tratados y pactos, cuando su padre Musa y Tariq deben volver a Damasco.<\/p>\n\n\n\n<p>\u00c9ste se casa con la viuda del Rey visigodo Rodrigo, una buena muestra de su capacidad de negociaci\u00f3n, y en el 713 firma un tratado con un potentado visigodo, Teodomiro (Tudmir), que va a ser Duque de Oriola (Orihuela). En el tratado que van a llamar \u201cPacto de Tudmir\u201d o \u201cTratado de Orihuela\u201d, los cristianos van a conservar sus bienes, la unidad familiar y alcanzar la paz a cambio de lealtad, informaci\u00f3n y pago de impuestos.<\/p>\n\n\n\n<p>Es a partir de ese momento cuando las tierras que hoy conocemos como la Comunidad Valenciana quedaron incluidas dentro de un territorio llamado Sharq Al-Andalus que se dividi\u00f3 en cuatro reinos de taifas: el de Valencia (Valencia, Alzira, Cullera, X\u00e0tiva, Sagunto y Onda), el de Alpuente (la comarca de los Serranos), el de Denia (a la que pertenec\u00edan la comarca de la Marina y las islas Baleares), el de Tortosa (las tierras del norte de la Comunidad), ademas de algunas peque\u00f1as comarcas y poblaciones rurales.<\/p>\n\n\n\n<p>Valencia era conocida en este periodo con el nombre de Madinat al-Turab o ciudad de tierra, aunque tambi\u00e9n se le conoc\u00eda con el nombre de Balansiya. Algunos consideran que el t\u00e9rmino Balansiya se aplicaba en general cuando se refer\u00edan al conjunto de la taifa musulmana, dejando el primer nombre para citar a la ciudad de Valencia en particular.<\/p>\n\n\n\n<p>Como explica Manuel Ruzafa, profesor de Historia Medieval en la Universidad de Valencia: \u201cValencia en el siglo IX era una zona a la que se mandaban a los condenados de C\u00f3rdoba: gente a la que se le desterraba al desierto de Valencia\u201d.<\/p>\n\n\n\n<p>Esto cambi\u00f3 cuando uno de los candidatos al Emirato, llamado \u201cel rusaf\u00ed\u201d o \u201cel valencian\u00ed\u201d, vino a Valencia y fund\u00f3 una almunia (huerto o granja) sobre una antigua villa romana. Junto a \u00e9sta se cre\u00f3 una zona de recreo que se llam\u00f3 Ruzafa, como el jard\u00edn de Damasco donde hab\u00eda crecido, revitalizando la ciudad.<\/p>\n\n\n\n<p>Los musulmanes han sido transmisores de la cultura que han ido asimilando a trav\u00e9s de los siglos.<\/p>\n\n\n\n<p>En cuanto a la agricultura, concretamente la huerta no era musulmana, aunque su estructuraci\u00f3n s\u00ed lo era. Lo mismo ocurre con los sistemas de regad\u00edo, los musulmanes innovan en este campo introduciendo el uso de la noria, aljibes, canales, acequias, etc.<\/p>\n\n\n\n<p>El uso de todas estas construcciones obedece a una tradici\u00f3n que procede de Persia, Irak, Siria, Egipto, etc. A esto hay que a\u00f1adir que los musulmanes introdujeron cultivos de regad\u00edo como el lim\u00f3n, la naranja o el arroz.<\/p>\n\n\n\n<p>Ya en tiempos de los romanos puede que existiera alguna instituci\u00f3n que resolviera los problemas de las aguas en Valencia pero la actual organizaci\u00f3n de \u201cEl Tribunal de las aguas\u201d la heredamos de la \u00e9poca musulmana y fue perfeccionada despu\u00e9s de la Conquista de Jaime I. Inscrito en la Lista Representativa del Patrimonio Cultural Inmaterial de la Humanidad en 2009 por la UNESCO.<\/p>\n\n\n\n<p>La comunidad musulmana destac\u00f3 por su gran habilidad para concebir nuevas t\u00e9cnicas: perfeccionaron el arte de la navegaci\u00f3n mejorando las velas, utilizando el tim\u00f3n y el astrolabio; iniciaron la fabricaci\u00f3n del papel en la pen\u00ednsula, llegaron a construir dep\u00f3sitos de nieve (neveros), introdujeron las suelas de cuero en el calzado, etc.<\/p>\n\n\n\n<p>Aunque el centro comercial en la Pen\u00ednsula era Almer\u00eda (al estar cerca de \u00c1frica y en el Mediterr\u00e1neo), la ciudad de Valencia fue ocupando un lugar cada vez m\u00e1s importante como puerto comercial.<\/p>\n\n\n\n<p>Fue a partir del siglo X cuando la ciudad de Valencia comienza a experimentar su periodo de esplendor.<\/p>\n\n\n\n<p>La muralla \u00e1rabe, data del siglo XI. A principios de este siglo Valencia se convirti\u00f3 en capital de la Taifa de Valencia, tras la ca\u00edda del Califato de C\u00f3rdoba.  Esto hizo que la ciudad experimentara un gran crecimiento urban\u00edstico y se decide aumentar la protecci\u00f3n de los ciudadanos.<\/p>\n\n\n\n<p>Por los comentarios del cronista Al-Udri, (Almer\u00eda 1003 &#8211; Valencia 1085), gobernando Abd-al-Aziz ibn Abi \u00c1mir, rey de la Taifa de Valencia (Balansiya), entre 1021 y 1061, nieto de Almanzor, se construyeron las murallas para la defensa de la ciudad, \u00e9sta debi\u00f3 de ser una magn\u00edfica obra de la arquitectura e ingenier\u00eda militar musulmana dentro de Al-Andalus. \u201cNo se conoce en Al-Andalus ciudad de muros m\u00e1s perfectos y m\u00e1s hermosos\u201d.<\/p>\n\n\n\n<figure class=\"wp-block-image size-large\"><img decoding=\"async\" loading=\"lazy\" width=\"1024\" height=\"629\" src=\"https:\/\/triptotripvalencia.com\/wp-content\/uploads\/2020\/08\/Murallas-1024x629.png\" alt=\"Murallas musulmanas \" class=\"wp-image-1148\" srcset=\"https:\/\/triptotripvalencia.com\/wp-content\/uploads\/2020\/08\/Murallas-1024x629.png 1024w, https:\/\/triptotripvalencia.com\/wp-content\/uploads\/2020\/08\/Murallas-600x369.png 600w, https:\/\/triptotripvalencia.com\/wp-content\/uploads\/2020\/08\/Murallas-768x472.png 768w, https:\/\/triptotripvalencia.com\/wp-content\/uploads\/2020\/08\/Murallas-500x307.png 500w, https:\/\/triptotripvalencia.com\/wp-content\/uploads\/2020\/08\/Murallas-100x61.png 100w, https:\/\/triptotripvalencia.com\/wp-content\/uploads\/2020\/08\/Murallas-1200x737.png 1200w, https:\/\/triptotripvalencia.com\/wp-content\/uploads\/2020\/08\/Murallas.png 1416w\" sizes=\"(max-width: 1024px) 100vw, 1024px\" \/><\/figure>\n\n\n\n<p>Los elementos principales de la muralla musulmana valenciana eran: el foso, la barbacana y la muralla propiamente dicha. El foso se sol\u00eda anegar con agua para que resultase m\u00e1s eficaz y en ella se abr\u00edan siete puertas principales.<\/p>\n\n\n\n<p>Seg\u00fan Al -Udr\u00ed:<br>\u00bb \u2026 la puerta de Levante se llama la puerta del puente, y se sale de ella por el puente que hizo el mismo Abdalaziz, y no hay en Al-Andalus m\u00e1s perfecto que \u00e9l; por ese mismo puente salen los convoyes hacia Toledo, Zaragoza y Tortosa y lo que hay en esa direcci\u00f3n. <\/p>\n\n\n\n<p>Despu\u00e9s hacia el lado de Levante, est\u00e1 la puerta conocida por Bab al Warraq; que sale de ella, y por un puente de madera se cruza el r\u00edo hacia el arrabal que hay all\u00ed.<\/p>\n\n\n\n<p>En la direcci\u00f3n de la quibla est\u00e1 la puerta de Ibn Sajar; y hacia el norte, la puerta de la Culebra (Bab al-Hanax); y en el lado de Poniente, la puerta llamada de Baytala; y junto a ella, por el lado oeste, la puerta conocida por Bab al Quasariya. Por estas dos puertas salen los convoyes hacia el Oeste de Al-Andalus, y hacia Denia, J\u00e1tiva y Alcira\u2026. \u00ab.<\/p>\n\n\n\n<p>La puerta que no aparece en el texto es la de la Xerea de la que sabemos por un documento de 1088.<\/p>\n\n\n\n<p>A partir del siglo XII el recinto amurallado se ampli\u00f3 hacia el Sur y hacia el Este a\u00f1adiendo nuevos elementos defensivos como las torres de planta cuadrada construidas con tapial de tierra sobre cimientos de hormig\u00f3n y reforzando algunos puntos para una mejor defensa como en el Tossal, donde se construy\u00f3 una puerta avanzada en recodo para proteger el acceso.<\/p>\n\n\n\n<p>Dentro de las murallas la ciudad era un laberinto de calles, el palacio del gobernador se encontraba en la actual Plaza de Manises, hab\u00eda palacios por toda la ciudad, por ejemplo donde ahora est\u00e1 el Almudin o el Palacio del Marqu\u00e9s de Dos Aguas, hab\u00eda ba\u00f1os, mezquitas y toda Balansiya era un zoco. En las salidas de la ciudad se celebraban zocos un d\u00eda a la semana y ten\u00edan el nombre del d\u00eda de la semana, no del barrio o de la puerta.<br>A\u00fan ahora tenemos mercadillos semanales en los barrios que ocupan aquellos antiguos arrabales.<\/p>\n\n\n\n<p>Hay que decir que los arrabales que rodeaban la medina y su muralla eran hermosos caser\u00edos con jardines que dieron forma a la huerta valenciana.<\/p>\n\n\n\n<figure class=\"wp-block-image size-large\"><img decoding=\"async\" loading=\"lazy\" width=\"1024\" height=\"765\" src=\"https:\/\/triptotripvalencia.com\/wp-content\/uploads\/2020\/08\/Murallas2-1-1024x765.png\" alt=\"Muralla Musulmana\" class=\"wp-image-1156\" srcset=\"https:\/\/triptotripvalencia.com\/wp-content\/uploads\/2020\/08\/Murallas2-1-1024x765.png 1024w, https:\/\/triptotripvalencia.com\/wp-content\/uploads\/2020\/08\/Murallas2-1-600x448.png 600w, https:\/\/triptotripvalencia.com\/wp-content\/uploads\/2020\/08\/Murallas2-1-768x574.png 768w, https:\/\/triptotripvalencia.com\/wp-content\/uploads\/2020\/08\/Murallas2-1-500x374.png 500w, https:\/\/triptotripvalencia.com\/wp-content\/uploads\/2020\/08\/Murallas2-1-100x75.png 100w, https:\/\/triptotripvalencia.com\/wp-content\/uploads\/2020\/08\/Murallas2-1.png 1104w\" sizes=\"(max-width: 1024px) 100vw, 1024px\" \/><\/figure>\n\n\n\n<p>Todav\u00eda podemos ver algunos restos de lo que fue esa Valencia Musulmana. Te invito a que vengas con nosotros para seguir descubriendo lo que hemos heredado de este y otros momentos de nuestra historia.<\/p>\n\n\n\n<p><a href=\"https:\/\/triptotripvalencia.com\/es\/contacto\/\">Contactanos<\/a><br><a href=\"https:\/\/triptotripvalencia.com\">https:\/\/triptotripvalencia.com<\/a><\/p>\n\n\n\n<p><strong>Bibliograf\u00eda:<\/strong><br>LA VALENCIA MUSULMANA. Manuel Coscoll\u00e1<br>VALENCIA MUSULMANA. ALQUERIAS FORTIFICADAS Y TORRES DEFENSIVAS. Rafael Cebrian Gimeno.<br><a href=\"https:\/\/guia-arqueologica.com\/la-balansiya-valencia-musulmana-restos-visitables\/\">https:\/\/guia-arqueologica.com\/la-balansiya-valencia-musulmana-restos-visitables\/<\/a><br><a href=\"http:\/\/www.jdiezarnal.com\/valenciamurallasvalencia.html\">http:\/\/www.jdiezarnal.com\/valenciamurallasvalencia.html<\/a><\/p>\n\n\n\n<p>Por Amalia L\u00f3pez C\u00e1ceres, gu\u00eda oficial de la Comunidad Valenciana<\/p>\n","protected":false},"excerpt":{"rendered":"<p>Sabemos que los musulmanes entran en la Pen\u00ednsula Ib\u00e9rica en el 711 bajo las \u00f3rdenes de Tariq y Musa aprovechando las luchas internas de los visigodos, pero \u00bfCu\u00e1ndo llegan a tierras valencianas? Va a ser Abd al-Aziz ibn Musa (hijo de Musa) el que domine los territorios del sureste mediante tratados y pactos, cuando su padre Musa y Tariq deben &#8230; <\/p>\n<div><a href=\"https:\/\/triptotripvalencia.com\/es\/la-valencia-musulmana\/\" class=\"more-link\">Leer m\u00e1s<\/a><\/div>\n","protected":false},"author":5,"featured_media":503,"comment_status":"open","ping_status":"open","sticky":false,"template":"","format":"standard","meta":[],"categories":[1],"tags":[],"yoast_head":"<!-- This site is optimized with the Yoast SEO plugin v21.8.1 - https:\/\/yoast.com\/wordpress\/plugins\/seo\/ -->\n<title>La Valencia Musulmana &#8902; Triptotrip<\/title>\n<meta name=\"description\" content=\"Sabemos que los musulmanes entran en la Pen\u00ednsula Ib\u00e9rica en el 711 bajo las \u00f3rdenes de Tariq y Musa pero \u00bfCu\u00e1ndo llegan a tierras valencianas?\" \/>\n<meta name=\"robots\" content=\"index, follow, max-snippet:-1, max-image-preview:large, max-video-preview:-1\" \/>\n<link rel=\"canonical\" href=\"https:\/\/triptotripvalencia.com\/es\/la-valencia-musulmana\/\" \/>\n<meta property=\"og:locale\" content=\"es_ES\" \/>\n<meta property=\"og:type\" content=\"article\" \/>\n<meta property=\"og:title\" content=\"La Valencia Musulmana &#8902; Triptotrip\" \/>\n<meta property=\"og:description\" content=\"Sabemos que los musulmanes entran en la Pen\u00ednsula Ib\u00e9rica en el 711 bajo las \u00f3rdenes de Tariq y Musa pero \u00bfCu\u00e1ndo llegan a tierras valencianas?\" \/>\n<meta property=\"og:url\" content=\"https:\/\/triptotripvalencia.com\/es\/la-valencia-musulmana\/\" \/>\n<meta property=\"og:site_name\" content=\"Triptotrip\" \/>\n<meta property=\"article:publisher\" content=\"https:\/\/www.facebook.com\/triptotripvalencia\" \/>\n<meta property=\"article:published_time\" content=\"2020-08-05T11:36:24+00:00\" \/>\n<meta property=\"article:modified_time\" content=\"2020-11-14T12:53:02+00:00\" \/>\n<meta property=\"og:image\" content=\"https:\/\/triptotripvalencia.com\/wp-content\/uploads\/2020\/06\/Visita-Valencia-Musulmana.jpg\" \/>\n\t<meta property=\"og:image:width\" content=\"1200\" \/>\n\t<meta property=\"og:image:height\" content=\"650\" \/>\n\t<meta property=\"og:image:type\" content=\"image\/jpeg\" \/>\n<meta name=\"author\" content=\"Amalia Lopez\" \/>\n<meta name=\"twitter:card\" content=\"summary_large_image\" \/>\n<meta name=\"twitter:label1\" content=\"Escrito por\" \/>\n\t<meta name=\"twitter:data1\" content=\"Amalia Lopez\" \/>\n\t<meta name=\"twitter:label2\" content=\"Tiempo de lectura\" \/>\n\t<meta name=\"twitter:data2\" content=\"6 minutos\" \/>\n<script type=\"application\/ld+json\" class=\"yoast-schema-graph\">{\"@context\":\"https:\/\/schema.org\",\"@graph\":[{\"@type\":\"Article\",\"@id\":\"https:\/\/triptotripvalencia.com\/es\/la-valencia-musulmana\/#article\",\"isPartOf\":{\"@id\":\"https:\/\/triptotripvalencia.com\/es\/la-valencia-musulmana\/\"},\"author\":{\"name\":\"Amalia Lopez\",\"@id\":\"https:\/\/triptotripvalencia.com\/es\/#\/schema\/person\/e47a02d874c5d0c4875c5aa378bc30c0\"},\"headline\":\"La Valencia Musulmana\",\"datePublished\":\"2020-08-05T11:36:24+00:00\",\"dateModified\":\"2020-11-14T12:53:02+00:00\",\"mainEntityOfPage\":{\"@id\":\"https:\/\/triptotripvalencia.com\/es\/la-valencia-musulmana\/\"},\"wordCount\":1292,\"commentCount\":0,\"publisher\":{\"@id\":\"https:\/\/triptotripvalencia.com\/es\/#organization\"},\"articleSection\":[\"Sin categorizar\"],\"inLanguage\":\"es\",\"potentialAction\":[{\"@type\":\"CommentAction\",\"name\":\"Comment\",\"target\":[\"https:\/\/triptotripvalencia.com\/es\/la-valencia-musulmana\/#respond\"]}]},{\"@type\":\"WebPage\",\"@id\":\"https:\/\/triptotripvalencia.com\/es\/la-valencia-musulmana\/\",\"url\":\"https:\/\/triptotripvalencia.com\/es\/la-valencia-musulmana\/\",\"name\":\"La Valencia Musulmana &#8902; Triptotrip\",\"isPartOf\":{\"@id\":\"https:\/\/triptotripvalencia.com\/es\/#website\"},\"datePublished\":\"2020-08-05T11:36:24+00:00\",\"dateModified\":\"2020-11-14T12:53:02+00:00\",\"description\":\"Sabemos que los musulmanes entran en la Pen\u00ednsula Ib\u00e9rica en el 711 bajo las \u00f3rdenes de Tariq y Musa pero \u00bfCu\u00e1ndo llegan a tierras valencianas?\",\"breadcrumb\":{\"@id\":\"https:\/\/triptotripvalencia.com\/es\/la-valencia-musulmana\/#breadcrumb\"},\"inLanguage\":\"es\",\"potentialAction\":[{\"@type\":\"ReadAction\",\"target\":[\"https:\/\/triptotripvalencia.com\/es\/la-valencia-musulmana\/\"]}]},{\"@type\":\"BreadcrumbList\",\"@id\":\"https:\/\/triptotripvalencia.com\/es\/la-valencia-musulmana\/#breadcrumb\",\"itemListElement\":[{\"@type\":\"ListItem\",\"position\":1,\"name\":\"Portada\",\"item\":\"https:\/\/triptotripvalencia.com\/es\/\"},{\"@type\":\"ListItem\",\"position\":2,\"name\":\"La Valencia Musulmana\"}]},{\"@type\":\"WebSite\",\"@id\":\"https:\/\/triptotripvalencia.com\/es\/#website\",\"url\":\"https:\/\/triptotripvalencia.com\/es\/\",\"name\":\"Triptotrip\",\"description\":\"Visitas guiadas en Valencia\",\"publisher\":{\"@id\":\"https:\/\/triptotripvalencia.com\/es\/#organization\"},\"potentialAction\":[{\"@type\":\"SearchAction\",\"target\":{\"@type\":\"EntryPoint\",\"urlTemplate\":\"https:\/\/triptotripvalencia.com\/es\/?s={search_term_string}\"},\"query-input\":\"required name=search_term_string\"}],\"inLanguage\":\"es\"},{\"@type\":\"Organization\",\"@id\":\"https:\/\/triptotripvalencia.com\/es\/#organization\",\"name\":\"TripToTripValencia\",\"url\":\"https:\/\/triptotripvalencia.com\/es\/\",\"logo\":{\"@type\":\"ImageObject\",\"inLanguage\":\"es\",\"@id\":\"https:\/\/triptotripvalencia.com\/es\/#\/schema\/logo\/image\/\",\"url\":\"https:\/\/triptotripvalencia.com\/wp-content\/uploads\/2016\/09\/logo.png\",\"contentUrl\":\"https:\/\/triptotripvalencia.com\/wp-content\/uploads\/2016\/09\/logo.png\",\"width\":250,\"height\":70,\"caption\":\"TripToTripValencia\"},\"image\":{\"@id\":\"https:\/\/triptotripvalencia.com\/es\/#\/schema\/logo\/image\/\"},\"sameAs\":[\"https:\/\/www.facebook.com\/triptotripvalencia\",\"https:\/\/www.instagram.com\/triptotripvalencia\/\"]},{\"@type\":\"Person\",\"@id\":\"https:\/\/triptotripvalencia.com\/es\/#\/schema\/person\/e47a02d874c5d0c4875c5aa378bc30c0\",\"name\":\"Amalia Lopez\",\"image\":{\"@type\":\"ImageObject\",\"inLanguage\":\"es\",\"@id\":\"https:\/\/triptotripvalencia.com\/es\/#\/schema\/person\/image\/\",\"url\":\"https:\/\/secure.gravatar.com\/avatar\/10e87a25b0b4dfdbe6a390230dbbda20?s=96&d=mm&r=g\",\"contentUrl\":\"https:\/\/secure.gravatar.com\/avatar\/10e87a25b0b4dfdbe6a390230dbbda20?s=96&d=mm&r=g\",\"caption\":\"Amalia Lopez\"},\"sameAs\":[\"https:\/\/triptotripvalencia.com\/\"]}]}<\/script>\n<!-- \/ Yoast SEO plugin. -->","yoast_head_json":{"title":"La Valencia Musulmana &#8902; Triptotrip","description":"Sabemos que los musulmanes entran en la Pen\u00ednsula Ib\u00e9rica en el 711 bajo las \u00f3rdenes de Tariq y Musa pero \u00bfCu\u00e1ndo llegan a tierras valencianas?","robots":{"index":"index","follow":"follow","max-snippet":"max-snippet:-1","max-image-preview":"max-image-preview:large","max-video-preview":"max-video-preview:-1"},"canonical":"https:\/\/triptotripvalencia.com\/es\/la-valencia-musulmana\/","og_locale":"es_ES","og_type":"article","og_title":"La Valencia Musulmana &#8902; Triptotrip","og_description":"Sabemos que los musulmanes entran en la Pen\u00ednsula Ib\u00e9rica en el 711 bajo las \u00f3rdenes de Tariq y Musa pero \u00bfCu\u00e1ndo llegan a tierras valencianas?","og_url":"https:\/\/triptotripvalencia.com\/es\/la-valencia-musulmana\/","og_site_name":"Triptotrip","article_publisher":"https:\/\/www.facebook.com\/triptotripvalencia","article_published_time":"2020-08-05T11:36:24+00:00","article_modified_time":"2020-11-14T12:53:02+00:00","og_image":[{"width":1200,"height":650,"url":"https:\/\/triptotripvalencia.com\/wp-content\/uploads\/2020\/06\/Visita-Valencia-Musulmana.jpg","type":"image\/jpeg"}],"author":"Amalia Lopez","twitter_card":"summary_large_image","twitter_misc":{"Escrito por":"Amalia Lopez","Tiempo de lectura":"6 minutos"},"schema":{"@context":"https:\/\/schema.org","@graph":[{"@type":"Article","@id":"https:\/\/triptotripvalencia.com\/es\/la-valencia-musulmana\/#article","isPartOf":{"@id":"https:\/\/triptotripvalencia.com\/es\/la-valencia-musulmana\/"},"author":{"name":"Amalia Lopez","@id":"https:\/\/triptotripvalencia.com\/es\/#\/schema\/person\/e47a02d874c5d0c4875c5aa378bc30c0"},"headline":"La Valencia Musulmana","datePublished":"2020-08-05T11:36:24+00:00","dateModified":"2020-11-14T12:53:02+00:00","mainEntityOfPage":{"@id":"https:\/\/triptotripvalencia.com\/es\/la-valencia-musulmana\/"},"wordCount":1292,"commentCount":0,"publisher":{"@id":"https:\/\/triptotripvalencia.com\/es\/#organization"},"articleSection":["Sin categorizar"],"inLanguage":"es","potentialAction":[{"@type":"CommentAction","name":"Comment","target":["https:\/\/triptotripvalencia.com\/es\/la-valencia-musulmana\/#respond"]}]},{"@type":"WebPage","@id":"https:\/\/triptotripvalencia.com\/es\/la-valencia-musulmana\/","url":"https:\/\/triptotripvalencia.com\/es\/la-valencia-musulmana\/","name":"La Valencia Musulmana &#8902; Triptotrip","isPartOf":{"@id":"https:\/\/triptotripvalencia.com\/es\/#website"},"datePublished":"2020-08-05T11:36:24+00:00","dateModified":"2020-11-14T12:53:02+00:00","description":"Sabemos que los musulmanes entran en la Pen\u00ednsula Ib\u00e9rica en el 711 bajo las \u00f3rdenes de Tariq y Musa pero \u00bfCu\u00e1ndo llegan a tierras valencianas?","breadcrumb":{"@id":"https:\/\/triptotripvalencia.com\/es\/la-valencia-musulmana\/#breadcrumb"},"inLanguage":"es","potentialAction":[{"@type":"ReadAction","target":["https:\/\/triptotripvalencia.com\/es\/la-valencia-musulmana\/"]}]},{"@type":"BreadcrumbList","@id":"https:\/\/triptotripvalencia.com\/es\/la-valencia-musulmana\/#breadcrumb","itemListElement":[{"@type":"ListItem","position":1,"name":"Portada","item":"https:\/\/triptotripvalencia.com\/es\/"},{"@type":"ListItem","position":2,"name":"La Valencia Musulmana"}]},{"@type":"WebSite","@id":"https:\/\/triptotripvalencia.com\/es\/#website","url":"https:\/\/triptotripvalencia.com\/es\/","name":"Triptotrip","description":"Visitas guiadas en Valencia","publisher":{"@id":"https:\/\/triptotripvalencia.com\/es\/#organization"},"potentialAction":[{"@type":"SearchAction","target":{"@type":"EntryPoint","urlTemplate":"https:\/\/triptotripvalencia.com\/es\/?s={search_term_string}"},"query-input":"required name=search_term_string"}],"inLanguage":"es"},{"@type":"Organization","@id":"https:\/\/triptotripvalencia.com\/es\/#organization","name":"TripToTripValencia","url":"https:\/\/triptotripvalencia.com\/es\/","logo":{"@type":"ImageObject","inLanguage":"es","@id":"https:\/\/triptotripvalencia.com\/es\/#\/schema\/logo\/image\/","url":"https:\/\/triptotripvalencia.com\/wp-content\/uploads\/2016\/09\/logo.png","contentUrl":"https:\/\/triptotripvalencia.com\/wp-content\/uploads\/2016\/09\/logo.png","width":250,"height":70,"caption":"TripToTripValencia"},"image":{"@id":"https:\/\/triptotripvalencia.com\/es\/#\/schema\/logo\/image\/"},"sameAs":["https:\/\/www.facebook.com\/triptotripvalencia","https:\/\/www.instagram.com\/triptotripvalencia\/"]},{"@type":"Person","@id":"https:\/\/triptotripvalencia.com\/es\/#\/schema\/person\/e47a02d874c5d0c4875c5aa378bc30c0","name":"Amalia Lopez","image":{"@type":"ImageObject","inLanguage":"es","@id":"https:\/\/triptotripvalencia.com\/es\/#\/schema\/person\/image\/","url":"https:\/\/secure.gravatar.com\/avatar\/10e87a25b0b4dfdbe6a390230dbbda20?s=96&d=mm&r=g","contentUrl":"https:\/\/secure.gravatar.com\/avatar\/10e87a25b0b4dfdbe6a390230dbbda20?s=96&d=mm&r=g","caption":"Amalia Lopez"},"sameAs":["https:\/\/triptotripvalencia.com\/"]}]}},"_links":{"self":[{"href":"https:\/\/triptotripvalencia.com\/es\/wp-json\/wp\/v2\/posts\/1146"}],"collection":[{"href":"https:\/\/triptotripvalencia.com\/es\/wp-json\/wp\/v2\/posts"}],"about":[{"href":"https:\/\/triptotripvalencia.com\/es\/wp-json\/wp\/v2\/types\/post"}],"author":[{"embeddable":true,"href":"https:\/\/triptotripvalencia.com\/es\/wp-json\/wp\/v2\/users\/5"}],"replies":[{"embeddable":true,"href":"https:\/\/triptotripvalencia.com\/es\/wp-json\/wp\/v2\/comments?post=1146"}],"version-history":[{"count":3,"href":"https:\/\/triptotripvalencia.com\/es\/wp-json\/wp\/v2\/posts\/1146\/revisions"}],"predecessor-version":[{"id":1161,"href":"https:\/\/triptotripvalencia.com\/es\/wp-json\/wp\/v2\/posts\/1146\/revisions\/1161"}],"wp:featuredmedia":[{"embeddable":true,"href":"https:\/\/triptotripvalencia.com\/es\/wp-json\/wp\/v2\/media\/503"}],"wp:attachment":[{"href":"https:\/\/triptotripvalencia.com\/es\/wp-json\/wp\/v2\/media?parent=1146"}],"wp:term":[{"taxonomy":"category","embeddable":true,"href":"https:\/\/triptotripvalencia.com\/es\/wp-json\/wp\/v2\/categories?post=1146"},{"taxonomy":"post_tag","embeddable":true,"href":"https:\/\/triptotripvalencia.com\/es\/wp-json\/wp\/v2\/tags?post=1146"}],"curies":[{"name":"wp","href":"https:\/\/api.w.org\/{rel}","templated":true}]}}